{"dados":[{"ementa":"\u201cAutoriza a cess\u00e3o de agentes p\u00fablicos municipais \u00e0 Pol\u00edcia Civil de Joan\u00f3polis, mediante conv\u00eanio com o Estado de S\u00e3o Paulo.\u201d","dataAtualizacao":"2026-04-17 23:23:18","dataInicioVigencia":null,"dataFimVigencia":null,"data":"2026-04-17","numero":2332,"categoria":"Lei Ordin\u00e1ria","situacao":"Em vigor","descricao":""},{"ementa":"\u201cAutoriza a abertura de cr\u00e9dito adicional especial no valor de R$ 19.702,01 (dezenove mil, setecentos e dois reais e um centavo).\u201d","dataAtualizacao":"2026-04-17 23:22:14","dataInicioVigencia":null,"dataFimVigencia":null,"data":"2026-04-17","numero":2331,"categoria":"Lei Ordin\u00e1ria","situacao":"Em vigor","descricao":""},{"ementa":"\u201cDisp\u00f5e sobre a altera\u00e7\u00e3o da denomina\u00e7\u00e3o, requisitos de escolaridade e atribui\u00e7\u00f5es do cargo de Chefe do Setor de Transporte.\u201d","dataAtualizacao":"2026-04-17 23:14:18","dataInicioVigencia":null,"dataFimVigencia":null,"data":"2026-04-17","numero":2330,"categoria":"Lei Ordin\u00e1ria","situacao":"Em vigor","descricao":""},{"ementa":"\u201cD\u00e1 denomina\u00e7\u00e3o de Parque Infantil Cidade da Crian\u00e7a \u201cThereza Cristina Esp\u00f3sito Souza \u2013 Tekinha\u201d do Munic\u00edpio de Joan\u00f3polis.\u201d","dataAtualizacao":"2026-04-17 23:13:16","dataInicioVigencia":null,"dataFimVigencia":null,"data":"2026-04-17","numero":2329,"categoria":"Lei Ordin\u00e1ria","situacao":"Em vigor","descricao":""},{"ementa":"\u201cDisp\u00f5e sobre nomea\u00e7\u00e3o de Agente\r\nOperacional.\u201d","dataAtualizacao":"2026-04-17 23:20:22","dataInicioVigencia":null,"dataFimVigencia":null,"data":"2026-04-17","numero":161,"categoria":"Portaria","situacao":"Em vigor","descricao":""},{"ementa":"\u201cDisp\u00f5e sobre nomea\u00e7\u00e3o de Dentista.\u201d","dataAtualizacao":"2026-04-17 23:19:51","dataInicioVigencia":null,"dataFimVigencia":null,"data":"2026-04-17","numero":160,"categoria":"Portaria","situacao":"Em vigor","descricao":""},{"ementa":"\u201cDisp\u00f5e Sobre Ponto Facultativo na v\u00e9spera do feriado nacional de Tiradentes.\u201d","dataAtualizacao":"2026-04-16 14:17:11","dataInicioVigencia":null,"dataFimVigencia":null,"data":"2026-04-16","numero":3346,"categoria":"Decreto","situacao":"Em vigor","descricao":""},{"ementa":"\u201cHomologa a Desclassifica\u00e7\u00e3o de Candidato (a) Classificado (a) no Concurso P\u00fablico Edital n\u00ba 01\/2025\u201d","dataAtualizacao":"2026-04-17 23:05:15","dataInicioVigencia":null,"dataFimVigencia":null,"data":"2026-04-16","numero":158,"categoria":"Portaria","situacao":"Em vigor","descricao":""},{"ementa":"\u201cHomologa a Desclassifica\u00e7\u00e3o de Candidato (a) Classificado (a) no Concurso P\u00fablico Edital n\u00ba 01\/2024.\u201d","dataAtualizacao":"2026-04-17 23:04:36","dataInicioVigencia":null,"dataFimVigencia":null,"data":"2026-04-16","numero":157,"categoria":"Portaria","situacao":"Em vigor","descricao":""},{"ementa":"\u201cDisp\u00f5e sobre nomea\u00e7\u00e3o de Controlador (a) de Acesso.\u201d","dataAtualizacao":"2026-04-17 23:04:10","dataInicioVigencia":null,"dataFimVigencia":null,"data":"2026-04-16","numero":156,"categoria":"Portaria","situacao":"Em vigor","descricao":""},{"ementa":"\u201cDisp\u00f5e sobre nomea\u00e7\u00e3o de Dentista.\u201d","dataAtualizacao":"2026-04-17 23:03:18","dataInicioVigencia":null,"dataFimVigencia":null,"data":"2026-04-16","numero":155,"categoria":"Portaria","situacao":"Em vigor","descricao":""},{"ementa":"\u201cHomologa a Desclassifica\u00e7\u00e3o de Candidato (a) Classificado (a) no Concurso P\u00fablico Edital n\u00ba 01\/2025\u201d","dataAtualizacao":"2026-04-15 13:55:43","dataInicioVigencia":null,"dataFimVigencia":null,"data":"2026-04-15","numero":154,"categoria":"Portaria","situacao":"Em vigor","descricao":""},{"ementa":"\u201cConcede Evolu\u00e7\u00e3o \u00e0 Integrante do Quadro do Magist\u00e9rio P\u00fablico Municipal.\u201d","dataAtualizacao":"2026-04-14 16:21:38","dataInicioVigencia":null,"dataFimVigencia":null,"data":"2026-04-14","numero":153,"categoria":"Portaria","situacao":"Em vigor","descricao":""},{"ementa":"\u201cDisp\u00f5e sobre a nomea\u00e7\u00e3o de Comiss\u00e3o para Avalia\u00e7\u00e3o de Amostras referente ao Preg\u00e3o Eletr\u00f4nico n\u00ba 002\/2026, e d\u00e1 outras provid\u00eancias.\u201d","dataAtualizacao":"2026-04-14 16:16:23","dataInicioVigencia":null,"dataFimVigencia":null,"data":"2026-04-14","numero":152,"categoria":"Portaria","situacao":"Em vigor","descricao":""},{"ementa":"\u201cHomologa a Desclassifica\u00e7\u00e3o de Candidato (a) Classificado (a) no Concurso P\u00fablico Edital n\u00ba 01\/2025\u201d","dataAtualizacao":"2026-04-14 16:14:54","dataInicioVigencia":null,"dataFimVigencia":null,"data":"2026-04-14","numero":151,"categoria":"Portaria","situacao":"Em vigor","descricao":""},{"ementa":"\u201cDisp\u00f5e Sobre a Exonera\u00e7\u00e3o de Servidor (a) P\u00fablico Municipal efetivo (a) e d\u00e1 outras provid\u00eancias.\u201d","dataAtualizacao":"2026-04-13 20:06:42","dataInicioVigencia":null,"dataFimVigencia":null,"data":"2026-04-13","numero":150,"categoria":"Portaria","situacao":"Em vigor","descricao":""},{"ementa":"\u201cDisp\u00f5e sobre nomea\u00e7\u00e3o de Vice-Diretor (a).\u201d","dataAtualizacao":"2026-04-13 20:05:43","dataInicioVigencia":null,"dataFimVigencia":null,"data":"2026-04-13","numero":149,"categoria":"Portaria","situacao":"Em vigor","descricao":""},{"ementa":"\u201cConcede Evolu\u00e7\u00e3o \u00e0 Integrante do Quadro do Magist\u00e9rio P\u00fablico Municipal.\u201d","dataAtualizacao":"2026-04-13 20:05:05","dataInicioVigencia":null,"dataFimVigencia":null,"data":"2026-04-13","numero":148,"categoria":"Portaria","situacao":"Em vigor","descricao":""},{"ementa":"\u201cConcede Evolu\u00e7\u00e3o \u00e0 Integrante do Quadro do Magist\u00e9rio P\u00fablico Municipal.\u201d","dataAtualizacao":"2026-04-13 20:04:28","dataInicioVigencia":null,"dataFimVigencia":null,"data":"2026-04-13","numero":147,"categoria":"Portaria","situacao":"Em vigor","descricao":""},{"ementa":"\u201cHomologa a Desclassifica\u00e7\u00e3o de Candidato (a) Classificado (a) no Concurso P\u00fablico Edital n\u00ba 01\/2024.\u201d","dataAtualizacao":"2026-04-13 11:51:39","dataInicioVigencia":null,"dataFimVigencia":null,"data":"2026-04-13","numero":146,"categoria":"Portaria","situacao":"Em vigor","descricao":""},{"ementa":"\u201cHomologa a Desclassifica\u00e7\u00e3o de Candidato (a) Classificado (a) no Concurso P\u00fablico Edital n\u00ba 01\/2025\u201d","dataAtualizacao":"2026-04-13 11:50:06","dataInicioVigencia":null,"dataFimVigencia":null,"data":"2026-04-13","numero":145,"categoria":"Portaria","situacao":"Em vigor","descricao":""},{"ementa":"\u201cHomologa a Desclassifica\u00e7\u00e3o de Candidato (a) Classificado (a) no Concurso P\u00fablico Edital n\u00ba 01\/2024.\u201d","dataAtualizacao":"2026-04-13 11:50:51","dataInicioVigencia":null,"dataFimVigencia":null,"data":"2026-04-13","numero":144,"categoria":"Portaria","situacao":"Em vigor","descricao":""},{"ementa":"\u201cDesigna Membros Integrante da Comiss\u00e3o para Julgamento dos Projetos da Agricultura Familiar.\u201d","dataAtualizacao":"2026-04-10 15:07:23","dataInicioVigencia":null,"dataFimVigencia":null,"data":"2026-04-10","numero":143,"categoria":"Portaria","situacao":"Em vigor","descricao":""},{"ementa":"\u201cDisp\u00f5e sobre a exonera\u00e7\u00e3o de cargo de provimento em comiss\u00e3o e d\u00e1 outras provid\u00eancias.\u201d","dataAtualizacao":"2026-04-10 14:55:08","dataInicioVigencia":null,"dataFimVigencia":null,"data":"2026-04-10","numero":142,"categoria":"Portaria","situacao":"Em vigor","descricao":""},{"ementa":"\u201cDisp\u00f5e sobre a nomea\u00e7\u00e3o de Comiss\u00e3o para Avalia\u00e7\u00e3o de Amostras referente ao Preg\u00e3o Eletr\u00f4nico n\u00ba 002\/2026, e d\u00e1 outras provid\u00eancias.\u201d","dataAtualizacao":"2026-04-10 14:53:57","dataInicioVigencia":null,"dataFimVigencia":null,"data":"2026-04-10","numero":141,"categoria":"Portaria","situacao":"Em vigor","descricao":""},{"ementa":"\u201cHomologa a Desclassifica\u00e7\u00e3o de Candidato (a) Classificado (a) no Concurso P\u00fablico Edital n\u00ba 01\/2025\u201d","dataAtualizacao":"2026-04-09 23:18:57","dataInicioVigencia":null,"dataFimVigencia":null,"data":"2026-04-09","numero":140,"categoria":"Portaria","situacao":"Em vigor","descricao":""},{"ementa":"\u201cDisp\u00f5e sobre nomea\u00e7\u00e3o de Auditor (a) Tribut\u00e1rio (a).\u201d","dataAtualizacao":"2026-04-09 23:12:09","dataInicioVigencia":null,"dataFimVigencia":null,"data":"2026-04-09","numero":139,"categoria":"Portaria","situacao":"Em vigor","descricao":""},{"ementa":"\u201cHomologa a Desclassifica\u00e7\u00e3o de Candidato (a) Classificado (a) no Concurso P\u00fablico Edital n\u00ba 01\/2022.\u201d","dataAtualizacao":"2026-04-09 23:11:11","dataInicioVigencia":null,"dataFimVigencia":null,"data":"2026-04-09","numero":138,"categoria":"Portaria","situacao":"Em vigor","descricao":""},{"ementa":"\u201cDisp\u00f5e sobre nomea\u00e7\u00e3o de Vice-Diretor (a).\u201d","dataAtualizacao":"2026-04-08 11:35:07","dataInicioVigencia":null,"dataFimVigencia":null,"data":"2026-04-08","numero":137,"categoria":"Portaria","situacao":"Em vigor","descricao":""},{"ementa":"\u201cHomologa a Desclassifica\u00e7\u00e3o de Candidato (a) Classificado (a) no Concurso P\u00fablico Edital n\u00ba 01\/2025\u201d","dataAtualizacao":"2026-04-08 09:44:06","dataInicioVigencia":null,"dataFimVigencia":null,"data":"2026-04-08","numero":136,"categoria":"Portaria","situacao":"Em vigor","descricao":""},{"ementa":"\u201cEstabelece diretrizes gerais para contrata\u00e7\u00e3o de estagi\u00e1rios pela Administra\u00e7\u00e3o P\u00fablica direta e indireta do Munic\u00edpio de Joan\u00f3polis\u201d","dataAtualizacao":"2026-04-07 15:30:41","dataInicioVigencia":null,"dataFimVigencia":null,"data":"2026-04-07","numero":2328,"categoria":"Lei Ordin\u00e1ria","situacao":"Em vigor","descricao":""},{"ementa":"\u201cDisp\u00f5e sobre a exonera\u00e7\u00e3o de cargo de provimento em comiss\u00e3o e d\u00e1 outras provid\u00eancias.\u201d","dataAtualizacao":"2026-04-07 15:58:03","dataInicioVigencia":null,"dataFimVigencia":null,"data":"2026-04-07","numero":135,"categoria":"Portaria","situacao":"Em vigor","descricao":""},{"ementa":"\u201cDisp\u00f5e sobre nomea\u00e7\u00e3o de Farmac\u00eautico (a).\u201d","dataAtualizacao":"2026-04-07 15:42:43","dataInicioVigencia":null,"dataFimVigencia":null,"data":"2026-04-07","numero":134,"categoria":"Portaria","situacao":"Em vigor","descricao":""},{"ementa":"\u201cDisp\u00f5e sobre nomea\u00e7\u00e3o de Controlador (a) de Acesso.\u201d","dataAtualizacao":"2026-04-07 15:40:47","dataInicioVigencia":null,"dataFimVigencia":null,"data":"2026-04-07","numero":133,"categoria":"Portaria","situacao":"Em vigor","descricao":""},{"ementa":"\u201cDisp\u00f5e sobre nomea\u00e7\u00e3o de Agente Administrativo (a).\u201d","dataAtualizacao":"2026-04-07 15:39:01","dataInicioVigencia":null,"dataFimVigencia":null,"data":"2026-04-07","numero":132,"categoria":"Portaria","situacao":"Em vigor","descricao":""},{"ementa":"\u201cDisp\u00f5e sobre nomea\u00e7\u00e3o de T\u00e9cnico (a) Ambiental.\u201d","dataAtualizacao":"2026-04-07 15:37:17","dataInicioVigencia":null,"dataFimVigencia":null,"data":"2026-04-07","numero":131,"categoria":"Portaria","situacao":"Em vigor","descricao":""},{"ementa":"\u201cDisp\u00f5e sobre nomea\u00e7\u00e3o de Arquiteto (a).\u201d","dataAtualizacao":"2026-04-07 15:35:38","dataInicioVigencia":null,"dataFimVigencia":null,"data":"2026-04-07","numero":130,"categoria":"Portaria","situacao":"Em vigor","descricao":""},{"ementa":"\u201cDisp\u00f5e sobre a exonera\u00e7\u00e3o de cargo de provimento em comiss\u00e3o e d\u00e1 outras provid\u00eancias.\u201d","dataAtualizacao":"2026-04-07 10:11:47","dataInicioVigencia":null,"dataFimVigencia":null,"data":"2026-04-07","numero":129,"categoria":"Portaria","situacao":"Em vigor","descricao":""},{"ementa":"\u201cDisp\u00f5e Sobre a Exonera\u00e7\u00e3o de Servidor (a) P\u00fablico Municipal efetivo (a) e d\u00e1 outras provid\u00eancias.\u201d","dataAtualizacao":"2026-04-07 10:06:35","dataInicioVigencia":null,"dataFimVigencia":null,"data":"2026-04-07","numero":128,"categoria":"Portaria","situacao":"Em vigor","descricao":""},{"ementa":"\u201cDisp\u00f5e sobre a nomea\u00e7\u00e3o de Comiss\u00e3o para Avalia\u00e7\u00e3o de Amostras referente ao Preg\u00e3o Eletr\u00f4nico n\u00ba 04\/2026, e d\u00e1 outras provid\u00eancias.\u201d","dataAtualizacao":"2026-04-07 10:08:15","dataInicioVigencia":null,"dataFimVigencia":null,"data":"2026-04-07","numero":127,"categoria":"Portaria","situacao":"Em vigor","descricao":""},{"ementa":"\u201cAbre um cr\u00e9dito adicional especial no valor de R$ 214.999,00 (duzentos e quatorze mil, novecentos e noventa e nove reais)\u201d.","dataAtualizacao":"2026-04-06 17:34:26","dataInicioVigencia":null,"dataFimVigencia":null,"data":"2026-04-06","numero":3344,"categoria":"Decreto","situacao":"Em vigor","descricao":""},{"ementa":"\u201cDECLARA LUTO OFICIAL POR 3 (TR\u00caS) DIAS NO MUNIC\u00cdPIO DE JOAN\u00d3POLIS-SP\u201d.","dataAtualizacao":"2026-04-06 17:31:51","dataInicioVigencia":null,"dataFimVigencia":null,"data":"2026-04-06","numero":3343,"categoria":"Decreto","situacao":"Em vigor","descricao":""},{"ementa":"\u201cAbre o cr\u00e9dito adicional no valor de R$ 72.509,96 (setenta e dois mil, quinhentos e nove reais e noventa e seis centavos)\u201d.","dataAtualizacao":"2026-04-06 17:29:50","dataInicioVigencia":null,"dataFimVigencia":null,"data":"2026-04-06","numero":3342,"categoria":"Decreto","situacao":"Em vigor","descricao":""},{"ementa":"\u201cAbre o cr\u00e9dito adicional no valor de R$ 50.000,00 (cinq\u00fcenta mil reais)\u201d.","dataAtualizacao":"2026-04-06 17:26:51","dataInicioVigencia":null,"dataFimVigencia":null,"data":"2026-04-06","numero":3341,"categoria":"Decreto","situacao":"Em vigor","descricao":""},{"ementa":"\u201cDisp\u00f5e sobre a exonera\u00e7\u00e3o de cargo de provimento em comiss\u00e3o e d\u00e1 outras provid\u00eancias.\u201d","dataAtualizacao":"2026-04-06 18:04:57","dataInicioVigencia":null,"dataFimVigencia":null,"data":"2026-04-06","numero":126,"categoria":"Portaria","situacao":"Em vigor","descricao":""},{"ementa":"\u201cDisp\u00f5e sobre nomea\u00e7\u00e3o de Vice-Diretor (a).\u201d","dataAtualizacao":"2026-04-06 18:03:49","dataInicioVigencia":null,"dataFimVigencia":null,"data":"2026-04-06","numero":125,"categoria":"Portaria","situacao":"Em vigor","descricao":""},{"ementa":"\u201cDisp\u00f5e sobre nomea\u00e7\u00e3o de Diretores (as) de Escola.\u201d","dataAtualizacao":"2026-04-06 18:02:15","dataInicioVigencia":null,"dataFimVigencia":null,"data":"2026-04-06","numero":124,"categoria":"Portaria","situacao":"Em vigor","descricao":""},{"ementa":"\u201cDisp\u00f5e Sobre a Exonera\u00e7\u00e3o de Servidor (a) P\u00fablica Municipal efetivo (a) e d\u00e1 outras provid\u00eancias.\u201d","dataAtualizacao":"2026-04-06 18:00:07","dataInicioVigencia":null,"dataFimVigencia":null,"data":"2026-04-06","numero":123,"categoria":"Portaria","situacao":"Em vigor","descricao":""},{"ementa":"\u201cDisp\u00f5e Sobre a Exonera\u00e7\u00e3o de Servidor (a) P\u00fablica Municipal efetivo (a) e d\u00e1 outras provid\u00eancias.\u201d","dataAtualizacao":"2026-04-06 17:57:41","dataInicioVigencia":null,"dataFimVigencia":null,"data":"2026-04-06","numero":122,"categoria":"Portaria","situacao":"Em vigor","descricao":""},{"ementa":"\u201cDisp\u00f5e Sobre a Exonera\u00e7\u00e3o de Servidor (a) P\u00fablica Municipal efetivo (a) e d\u00e1 outras provid\u00eancias.\u201d","dataAtualizacao":"2026-04-06 17:55:44","dataInicioVigencia":null,"dataFimVigencia":null,"data":"2026-04-06","numero":121,"categoria":"Portaria","situacao":"Em vigor","descricao":""},{"ementa":"\u201cDisp\u00f5e sobre a exonera\u00e7\u00e3o de cargo de provimento em comiss\u00e3o e d\u00e1 outras provid\u00eancias.\u201d","dataAtualizacao":"2026-04-06 17:53:45","dataInicioVigencia":null,"dataFimVigencia":null,"data":"2026-04-06","numero":120,"categoria":"Portaria","situacao":"Em vigor","descricao":""},{"ementa":"\u201cDisp\u00f5e sobre nomea\u00e7\u00e3o PEB I.\u201d","dataAtualizacao":"2026-04-06 17:52:05","dataInicioVigencia":null,"dataFimVigencia":null,"data":"2026-04-06","numero":119,"categoria":"Portaria","situacao":"Em vigor","descricao":""},{"ementa":"\u201cDisp\u00f5e Sobre a Exonera\u00e7\u00e3o de Servidor (a) P\u00fablica Municipal efetivo (a) e d\u00e1 outras provid\u00eancias.\u201d","dataAtualizacao":"2026-04-06 17:50:21","dataInicioVigencia":null,"dataFimVigencia":null,"data":"2026-04-06","numero":118,"categoria":"Portaria","situacao":"Em vigor","descricao":""},{"ementa":"\u00a0\u201cDisp\u00f5e Sobre a Exonera\u00e7\u00e3o de Servidor (a) P\u00fablica Municipal efetivo (a) e d\u00e1 outras provid\u00eancias.\u201d","dataAtualizacao":"2026-04-06 17:48:39","dataInicioVigencia":null,"dataFimVigencia":null,"data":"2026-04-06","numero":117,"categoria":"Portaria","situacao":"Em vigor","descricao":""},{"ementa":"\u201cDisp\u00f5e Sobre a Exonera\u00e7\u00e3o de Servidor (a) P\u00fablica Municipal efetivo (a) e d\u00e1 outras provid\u00eancias.\u201d","dataAtualizacao":"2026-04-06 17:45:06","dataInicioVigencia":null,"dataFimVigencia":null,"data":"2026-04-06","numero":116,"categoria":"Portaria","situacao":"Em vigor","descricao":""},{"ementa":"\u201cDisp\u00f5e Sobre a Exonera\u00e7\u00e3o de Servidor (a) P\u00fablica Municipal efetivo (a) e d\u00e1 outras provid\u00eancias.\u201d","dataAtualizacao":"2026-04-06 17:43:13","dataInicioVigencia":null,"dataFimVigencia":null,"data":"2026-04-06","numero":115,"categoria":"Portaria","situacao":"Em vigor","descricao":""},{"ementa":"\u201cDisp\u00f5e sobre a reconvoca\u00e7\u00e3o para a Elei\u00e7\u00e3o do Conselho Municipal de Turismo de Joan\u00f3polis (COMTUR)\u201d","dataAtualizacao":"2026-04-06 12:32:58","dataInicioVigencia":null,"dataFimVigencia":null,"data":"2026-04-01","numero":3340,"categoria":"Decreto","situacao":"Em vigor","descricao":""},{"ementa":"\u201cDisp\u00f5e sobre nomea\u00e7\u00e3o de Diretores (as) de Escola.\u201d","dataAtualizacao":"2026-04-06 11:08:55","dataInicioVigencia":null,"dataFimVigencia":null,"data":"2026-04-01","numero":114,"categoria":"Portaria","situacao":"Em vigor","descricao":""},{"ementa":"\u201cDisp\u00f5e sobre a exonera\u00e7\u00e3o de cargo de provimento em comiss\u00e3o e d\u00e1 outras provid\u00eancias.\u201d","dataAtualizacao":"2026-04-06 11:10:22","dataInicioVigencia":null,"dataFimVigencia":null,"data":"2026-04-01","numero":113,"categoria":"Portaria","situacao":"Em vigor","descricao":""},{"ementa":"\u201cDisp\u00f5e sobre a exonera\u00e7\u00e3o de cargo de provimento em comiss\u00e3o e d\u00e1 outras provid\u00eancias.\u201d","dataAtualizacao":"2026-04-06 11:11:29","dataInicioVigencia":null,"dataFimVigencia":null,"data":"2026-04-01","numero":112,"categoria":"Portaria","situacao":"Em vigor","descricao":""},{"ementa":"\u201cRegulamenta a aplica\u00e7\u00e3o da Lei Federal n\u00ba 13.709, de 14 de agosto de 2018 \u2014 Lei Geral de Prote\u00e7\u00e3o de Dados Pessoais (LGPD)\u201d","dataAtualizacao":"2026-03-30 21:22:38","dataInicioVigencia":null,"dataFimVigencia":null,"data":"2026-03-30","numero":3339,"categoria":"Decreto","situacao":"Em vigor","descricao":""},{"ementa":"\u201cRegulamenta a aplica\u00e7\u00e3o da Lei Federal n\u00ba 14.129, de 29 de mar\u00e7o de 2021 (Lei do Governo Digital), no \u00e2mbito da Administra\u00e7\u00e3o P\u00fablica Municipal de Joan\u00f3polis-SP\u201d","dataAtualizacao":"2026-03-30 21:21:36","dataInicioVigencia":null,"dataFimVigencia":null,"data":"2026-03-30","numero":3338,"categoria":"Decreto","situacao":"Em vigor","descricao":""},{"ementa":"\u201cDisp\u00f5e Sobre Ponto Facultativo na quinta-feira da Paix\u00e3o.\u201d","dataAtualizacao":"2026-03-30 21:20:24","dataInicioVigencia":null,"dataFimVigencia":null,"data":"2026-03-30","numero":3337,"categoria":"Decreto","situacao":"Em vigor","descricao":""},{"ementa":"\u201cDisp\u00f5e sobre nomea\u00e7\u00e3o de Engenheiro (a) Civil.\u201d","dataAtualizacao":"2026-04-06 11:22:46","dataInicioVigencia":null,"dataFimVigencia":null,"data":"2026-03-30","numero":111,"categoria":"Portaria","situacao":"Em vigor","descricao":""},{"ementa":"\u201cNomeia\tConselho\tMunicipal\tde Educa\u00e7\u00e3o \u2013 CME.\u201d","dataAtualizacao":"2026-03-30 21:28:35","dataInicioVigencia":null,"dataFimVigencia":null,"data":"2026-03-30","numero":110,"categoria":"Portaria","situacao":"Em vigor","descricao":""},{"ementa":"\u201cAtualiza a constitui\u00e7\u00e3o do Grupo T\u00e9cnico Executivo Para Acompanhamento de Capacita\u00e7\u00e3o e Elabora\u00e7\u00e3o de Minuta do Plano Municipal de Mata Atl\u00e2ntica.\u201d","dataAtualizacao":"2026-03-30 21:18:15","dataInicioVigencia":null,"dataFimVigencia":null,"data":"2026-03-27","numero":3336,"categoria":"Decreto","situacao":"Em vigor","descricao":""},{"ementa":"\u201cConcede Revis\u00e3o Geral Anual de Vencimentos aos Empregados P\u00fablicos dos Poderes Executivo e Legislativo do Munic\u00edpio de Joan\u00f3polis\u201d","dataAtualizacao":"2026-03-30 22:33:47","dataInicioVigencia":null,"dataFimVigencia":null,"data":"2026-03-26","numero":2327,"categoria":"Lei Ordin\u00e1ria","situacao":"Em vigor","descricao":""},{"ementa":"\u201cAfeta Bem P\u00fablico que especifica\u201d.","dataAtualizacao":"2026-03-30 22:32:53","dataInicioVigencia":null,"dataFimVigencia":null,"data":"2026-03-26","numero":2326,"categoria":"Lei Ordin\u00e1ria","situacao":"Em vigor","descricao":""},{"ementa":"\u201cAutoriza a abertura de cr\u00e9dito adicional especial no valor de R$ 214.999,00 (duzentos e quatorze mil, novecentos e noventa e nove reais)\u201d.","dataAtualizacao":"2026-03-30 22:32:05","dataInicioVigencia":null,"dataFimVigencia":null,"data":"2026-03-26","numero":2325,"categoria":"Lei Ordin\u00e1ria","situacao":"Em vigor","descricao":""},{"ementa":"\u201cAcrescenta Programas de Governo espec\u00edfico no PPA vigente (Lei Municipal n\u00ba 2.310\/2025)\u201d.","dataAtualizacao":"2026-03-30 22:31:00","dataInicioVigencia":null,"dataFimVigencia":null,"data":"2026-03-26","numero":2324,"categoria":"Lei Ordin\u00e1ria","situacao":"Em vigor","descricao":""},{"ementa":"\u201cDisp\u00f5e sobre nomea\u00e7\u00e3o de Cuidador (a) de Alunos Com defici\u00eancia.\u201d","dataAtualizacao":"2026-03-30 21:27:15","dataInicioVigencia":null,"dataFimVigencia":null,"data":"2026-03-25","numero":109,"categoria":"Portaria","situacao":"Em vigor","descricao":""},{"ementa":"\u201cHomologa a Desclassifica\u00e7\u00e3o de Candidato (a) Classificado (a) no Concurso P\u00fablico Edital n\u00ba 01\/2024.\u201d","dataAtualizacao":"2026-03-23 20:51:29","dataInicioVigencia":null,"dataFimVigencia":null,"data":"2026-03-23","numero":108,"categoria":"Portaria","situacao":"Em vigor","descricao":""},{"ementa":"\u201cConcede Evolu\u00e7\u00e3o \u00e0 Integrante do Quadro do Magist\u00e9rio P\u00fablico Municipal.\u201d","dataAtualizacao":"2026-03-23 15:46:28","dataInicioVigencia":null,"dataFimVigencia":null,"data":"2026-03-23","numero":107,"categoria":"Portaria","situacao":"Em vigor","descricao":""},{"ementa":"\u201cConcede Evolu\u00e7\u00e3o \u00e0 Integrante do Quadro do Magist\u00e9rio P\u00fablico Municipal.\u201d","dataAtualizacao":"2026-03-23 15:45:10","dataInicioVigencia":null,"dataFimVigencia":null,"data":"2026-03-23","numero":106,"categoria":"Portaria","situacao":"Em vigor","descricao":""},{"ementa":"\u201cDisp\u00f5e sobre a transfer\u00eancia de funcion\u00e1rio (a).\u201d","dataAtualizacao":"2026-03-23 15:36:50","dataInicioVigencia":null,"dataFimVigencia":null,"data":"2026-03-23","numero":105,"categoria":"Portaria","situacao":"Em vigor","descricao":""},{"ementa":"\u201cDisp\u00f5e sobre a transfer\u00eancia de funcion\u00e1rio (a).\u201d","dataAtualizacao":"2026-03-23 14:10:07","dataInicioVigencia":null,"dataFimVigencia":null,"data":"2026-03-23","numero":104,"categoria":"Portaria","situacao":"Em vigor","descricao":""},{"ementa":"\u201cAbre o cr\u00e9dito adicional no valor de R$ 165.000,00 (cento e sessenta e cinco mil reais)\u201d.","dataAtualizacao":"2026-03-20 15:22:07","dataInicioVigencia":null,"dataFimVigencia":null,"data":"2026-03-20","numero":3335,"categoria":"Decreto","situacao":"Em vigor","descricao":""},{"ementa":"\u201cConcede Evolu\u00e7\u00e3o \u00e0 Integrante do Quadro do Magist\u00e9rio P\u00fablico Municipal.\u201d","dataAtualizacao":"2026-03-20 15:07:06","dataInicioVigencia":null,"dataFimVigencia":null,"data":"2026-03-20","numero":103,"categoria":"Portaria","situacao":"Em vigor","descricao":""},{"ementa":"&quot;Interpreta a equival\u00eancia entre os cargos de Diretor e Secret\u00e1rio de Sa\u00fade, ratifica a ordena\u00e7\u00e3o de despesas e gest\u00e3o do FMS.&quot;","dataAtualizacao":"2026-03-18 14:04:54","dataInicioVigencia":null,"dataFimVigencia":null,"data":"2026-03-18","numero":3334,"categoria":"Decreto","situacao":"Em vigor","descricao":""},{"ementa":"&quot;Disp\u00f5e sobre o processamento de cr\u00e9ditos oriundos da folha de pagamento do funcionalismo p\u00fablico municipal perante a rede banc\u00e1ria.&quot;","dataAtualizacao":"2026-03-18 13:58:58","dataInicioVigencia":null,"dataFimVigencia":null,"data":"2026-03-18","numero":3333,"categoria":"Decreto","situacao":"Em vigor","descricao":""},{"ementa":"\u201cAbre um cr\u00e9dito adicional suplementar no valor de R$ 107.000,00 (cento e sete mil reais)\u201d.","dataAtualizacao":"2026-03-18 14:06:13","dataInicioVigencia":null,"dataFimVigencia":null,"data":"2026-03-18","numero":3332,"categoria":"Decreto","situacao":"Em vigor","descricao":""},{"ementa":"\u201cDisp\u00f5e sobre a transfer\u00eancia de funcion\u00e1rio.\u201d","dataAtualizacao":"2026-03-18 13:50:51","dataInicioVigencia":null,"dataFimVigencia":null,"data":"2026-03-18","numero":102,"categoria":"Portaria","situacao":"Em vigor","descricao":""},{"ementa":"\u201cHomologa a Desclassifica\u00e7\u00e3o de Candidato (a) Classificado (a) no Concurso P\u00fablico Edital n\u00ba 01\/2025\u201d","dataAtualizacao":"2026-03-18 13:41:38","dataInicioVigencia":null,"dataFimVigencia":null,"data":"2026-03-18","numero":101,"categoria":"Portaria","situacao":"Em vigor","descricao":""},{"ementa":"\u201cHomologa a Desclassifica\u00e7\u00e3o de Candidato (a) Classificado (a) no Concurso P\u00fablico Edital n\u00ba 01\/2025\u201d","dataAtualizacao":"2026-03-18 13:40:18","dataInicioVigencia":null,"dataFimVigencia":null,"data":"2026-03-17","numero":100,"categoria":"Portaria","situacao":"Em vigor","descricao":""},{"ementa":"\u201cDisp\u00f5e sobre a nomea\u00e7\u00e3o de respons\u00e1veis pela movimenta\u00e7\u00e3o das contas banc\u00e1rias do Fundo Municipal de Sa\u00fade.\u201d","dataAtualizacao":"2026-03-18 13:39:00","dataInicioVigencia":null,"dataFimVigencia":null,"data":"2026-03-17","numero":99,"categoria":"Portaria","situacao":"Em vigor","descricao":""},{"ementa":"\u201cDisp\u00f5e sobre a exonera\u00e7\u00e3o de cargo de provimento em comiss\u00e3o e d\u00e1 outras provid\u00eancias.\u201d","dataAtualizacao":"2026-03-18 21:51:40","dataInicioVigencia":null,"dataFimVigencia":null,"data":"2026-03-16","numero":98,"categoria":"Portaria","situacao":"Em vigor","descricao":""},{"ementa":"\u201cHomologa a Desclassifica\u00e7\u00e3o de Candidato (a) Classificado (a) no Concurso P\u00fablico Edital n\u00ba 01\/2025\u201d","dataAtualizacao":"2026-03-16 20:15:00","dataInicioVigencia":null,"dataFimVigencia":null,"data":"2026-03-16","numero":97,"categoria":"Portaria","situacao":"Em vigor","descricao":""},{"ementa":"\u201cDisp\u00f5e sobre a obrigatoriedade do controle de quilometragem e utiliza\u00e7\u00e3o dos ve\u00edculos oficiais do Poder Executivo Municipal.&quot;","dataAtualizacao":"2026-03-13 21:12:23","dataInicioVigencia":null,"dataFimVigencia":null,"data":"2026-03-13","numero":3331,"categoria":"Decreto","situacao":"Em vigor","descricao":""},{"ementa":"\u201cConcede Evolu\u00e7\u00e3o \u00e0 Integrante do Quadro do Magist\u00e9rio P\u00fablico Municipal.\u201d","dataAtualizacao":"2026-03-13 21:19:30","dataInicioVigencia":null,"dataFimVigencia":null,"data":"2026-03-13","numero":96,"categoria":"Portaria","situacao":"Em vigor","descricao":""},{"ementa":"\u201cNomear o Tesoureiro como respons\u00e1vel por Movimentar Contas Banc\u00e1rias.\u201d","dataAtualizacao":"2026-03-13 21:18:19","dataInicioVigencia":null,"dataFimVigencia":null,"data":"2026-03-13","numero":95,"categoria":"Portaria","situacao":"Em vigor","descricao":""},{"ementa":"\u201cDesigna membros para compor a Comiss\u00e3o de Avalia\u00e7\u00e3o das inscri\u00e7\u00f5es referentes ao Edital de Credenciamento 01\/2026 vinculado \u00e0 Pol\u00edtica Nacional Aldir Blanc de Fomento \u00e0 Cultura.\u201d","dataAtualizacao":"2026-03-13 21:17:48","dataInicioVigencia":null,"dataFimVigencia":null,"data":"2026-03-13","numero":94,"categoria":"Portaria","situacao":"Em vigor","descricao":""},{"ementa":"\u201cConcede Evolu\u00e7\u00e3o \u00e0 Integrante do Quadro do Magist\u00e9rio P\u00fablico Municipal.\u201d","dataAtualizacao":"2026-03-13 21:17:16","dataInicioVigencia":null,"dataFimVigencia":null,"data":"2026-03-13","numero":93,"categoria":"Portaria","situacao":"Em vigor","descricao":""},{"ementa":"\u201cConcede Evolu\u00e7\u00e3o \u00e0 Integrante do Quadro do Magist\u00e9rio P\u00fablico Municipal.\u201d","dataAtualizacao":"2026-04-06 13:16:29","dataInicioVigencia":null,"dataFimVigencia":null,"data":"2026-03-13","numero":92,"categoria":"Portaria","situacao":"Em vigor","descricao":""},{"ementa":"\u201cInstitui o Programa de Recupera\u00e7\u00e3o Fiscal - REFIS, no Munic\u00edpio de Joan\u00f3polis e d\u00e1 outras provid\u00eancias\u201d.","dataAtualizacao":"2026-03-13 21:14:40","dataInicioVigencia":null,"dataFimVigencia":null,"data":"2026-03-13","numero":52,"categoria":"Lei Complementar","situacao":"Em vigor","descricao":""},{"ementa":"\u201cHomologa a Desclassifica\u00e7\u00e3o de Candidato (a) Classificado (a) no Concurso P\u00fablico Edital n\u00ba 01\/2025\u201d","dataAtualizacao":"2026-03-13 21:18:59","dataInicioVigencia":null,"dataFimVigencia":null,"data":"2026-03-12","numero":91,"categoria":"Portaria","situacao":"Em vigor","descricao":""},{"ementa":"\u201cRegulamenta a Lei Municipal n\u00ba 2.300\/2025, que institui o Programa Municipal Dinheiro Direto na Escola (PMDDE).&quot;","dataAtualizacao":"2026-03-11 22:06:13","dataInicioVigencia":null,"dataFimVigencia":null,"data":"2026-03-11","numero":3330,"categoria":"Decreto","situacao":"Em vigor","descricao":""},{"ementa":"\u201cDisp\u00f5e sobre a Convoca\u00e7\u00e3o e Regulamenta\u00e7\u00e3o para a Elei\u00e7\u00e3o do Conselho Municipal de Turismo de Joan\u00f3polis (COMTUR)\u201d","dataAtualizacao":"2026-03-11 22:06:16","dataInicioVigencia":null,"dataFimVigencia":null,"data":"2026-03-11","numero":3329,"categoria":"Decreto","situacao":"Em vigor","descricao":""},{"ementa":"\u201cDisp\u00f5e sobre a exonera\u00e7\u00e3o de empregado p\u00fablico municipal efetivo e d\u00e1 outras provid\u00eancias.\u201d","dataAtualizacao":"2026-03-11 21:56:21","dataInicioVigencia":null,"dataFimVigencia":null,"data":"2026-03-11","numero":90,"categoria":"Portaria","situacao":"Em vigor","descricao":""},{"ementa":"\u201cDisp\u00f5e Sobre Exonera\u00e7\u00e3o de Provimento em Fun\u00e7\u00e3o Gratificada e d\u00e1 outras provid\u00eancias.\u201d","dataAtualizacao":"2026-03-11 22:06:17","dataInicioVigencia":null,"dataFimVigencia":null,"data":"2026-03-11","numero":89,"categoria":"Portaria","situacao":"Em vigor","descricao":""},{"ementa":"\u201cDisp\u00f5e sobre nomea\u00e7\u00e3o de Agente de Desenvolvimento Infantil (ADI).\u201d","dataAtualizacao":"2026-03-11 21:54:51","dataInicioVigencia":null,"dataFimVigencia":null,"data":"2026-03-10","numero":88,"categoria":"Portaria","situacao":"Em vigor","descricao":""},{"ementa":"\u201cDisp\u00f5e sobre a exonera\u00e7\u00e3o de servidor p\u00fablico municipal efetivo e d\u00e1 outras provid\u00eancias.\u201d","dataAtualizacao":"2026-03-11 21:54:19","dataInicioVigencia":null,"dataFimVigencia":null,"data":"2026-03-10","numero":87,"categoria":"Portaria","situacao":"Em vigor","descricao":""},{"ementa":"\u201cDisp\u00f5e sobre nomea\u00e7\u00e3o de Operador (a) de M\u00e1quina.\u201d","dataAtualizacao":"2026-03-11 21:53:37","dataInicioVigencia":null,"dataFimVigencia":null,"data":"2026-03-10","numero":86,"categoria":"Portaria","situacao":"Em vigor","descricao":""},{"ementa":"\u201cDisp\u00f5e sobre a exonera\u00e7\u00e3o de servidor p\u00fablico municipal efetivo e d\u00e1 outras provid\u00eancias.\u201d","dataAtualizacao":"2026-03-11 21:52:54","dataInicioVigencia":null,"dataFimVigencia":null,"data":"2026-03-10","numero":85,"categoria":"Portaria","situacao":"Em vigor","descricao":""},{"ementa":"\u201cDisp\u00f5e sobre nomea\u00e7\u00e3o de Agente Administrativo (a).\u201d","dataAtualizacao":"2026-03-11 21:52:09","dataInicioVigencia":null,"dataFimVigencia":null,"data":"2026-03-10","numero":84,"categoria":"Portaria","situacao":"Em vigor","descricao":""},{"ementa":"\u201cDisp\u00f5e sobre nomea\u00e7\u00e3o de Professor (a) Coordenador (a) Pedag\u00f3gico.\u201d","dataAtualizacao":"2026-03-11 21:51:37","dataInicioVigencia":null,"dataFimVigencia":null,"data":"2026-03-10","numero":83,"categoria":"Portaria","situacao":"Em vigor","descricao":""},{"ementa":"\u201cDisp\u00f5e sobre a exonera\u00e7\u00e3o de servidor p\u00fablico municipal efetivo e d\u00e1 outras provid\u00eancias.\u201d","dataAtualizacao":"2026-03-11 21:50:54","dataInicioVigencia":null,"dataFimVigencia":null,"data":"2026-03-10","numero":82,"categoria":"Portaria","situacao":"Em vigor","descricao":""},{"ementa":"\u201cDisp\u00f5e sobre a exonera\u00e7\u00e3o de servidor p\u00fablico municipal efetivo e d\u00e1 outras provid\u00eancias.\u201d","dataAtualizacao":"2026-03-11 21:50:19","dataInicioVigencia":null,"dataFimVigencia":null,"data":"2026-03-10","numero":81,"categoria":"Portaria","situacao":"Em vigor","descricao":""},{"ementa":"\u201cDisp\u00f5e sobre a exonera\u00e7\u00e3o de servidor p\u00fablico municipal efetivo e d\u00e1 outras provid\u00eancias.\u201d","dataAtualizacao":"2026-03-11 21:49:37","dataInicioVigencia":null,"dataFimVigencia":null,"data":"2026-03-10","numero":80,"categoria":"Portaria","situacao":"Em vigor","descricao":""},{"ementa":"\u201cNomeia temporariamente PEB III-Geografia.\u201d","dataAtualizacao":"2026-03-11 21:48:59","dataInicioVigencia":null,"dataFimVigencia":null,"data":"2026-03-10","numero":79,"categoria":"Portaria","situacao":"Em vigor","descricao":""},{"ementa":"\u201cNomeia temporariamente PEB I.\u201d","dataAtualizacao":"2026-03-11 21:48:17","dataInicioVigencia":null,"dataFimVigencia":null,"data":"2026-03-10","numero":78,"categoria":"Portaria","situacao":"Em vigor","descricao":""},{"ementa":"\u201cNomeia temporariamente PEB III \u2013 Artes.\u201d","dataAtualizacao":"2026-03-11 21:47:34","dataInicioVigencia":null,"dataFimVigencia":null,"data":"2026-03-10","numero":77,"categoria":"Portaria","situacao":"Em vigor","descricao":""},{"ementa":"\u201cDisp\u00f5e sobre a transfer\u00eancia de funcion\u00e1rio.\u201d","dataAtualizacao":"2026-03-11 21:46:49","dataInicioVigencia":null,"dataFimVigencia":null,"data":"2026-03-10","numero":76,"categoria":"Portaria","situacao":"Em vigor","descricao":""},{"ementa":"\u201cDECLARA LUTO OFICIAL POR 3 (TR\u00caS) DIAS NO MUNIC\u00cdPIO DE JOAN\u00d3POLIS-SP\u201d.","dataAtualizacao":"2026-03-09 10:24:08","dataInicioVigencia":null,"dataFimVigencia":null,"data":"2026-03-09","numero":3328,"categoria":"Decreto","situacao":"Em vigor","descricao":""},{"ementa":"\u201cHomologa a Desclassifica\u00e7\u00e3o de Candidatos Classificados no Concurso P\u00fablico Edital n\u00ba 01\/2022.\u201d","dataAtualizacao":"2026-03-10 10:15:39","dataInicioVigencia":null,"dataFimVigencia":null,"data":"2026-03-06","numero":75,"categoria":"Portaria","situacao":"Em vigor","descricao":""},{"ementa":"\u201cHomologa a Desclassifica\u00e7\u00e3o de Candidatos Classificados no Concurso P\u00fablico Edital n\u00ba 01\/2022.\u201d","dataAtualizacao":"2026-03-10 10:11:52","dataInicioVigencia":null,"dataFimVigencia":null,"data":"2026-03-06","numero":74,"categoria":"Portaria","situacao":"Em vigor","descricao":""},{"ementa":"\u201cHomologa a Desclassifica\u00e7\u00e3o de Candidato (a) Classificado (a) no Concurso P\u00fablico Edital n\u00ba 01\/2025\u201d","dataAtualizacao":"2026-03-10 10:14:51","dataInicioVigencia":null,"dataFimVigencia":null,"data":"2026-03-06","numero":73,"categoria":"Portaria","situacao":"Em vigor","descricao":""},{"ementa":"\u201cDisp\u00f5e Sobre a Exonera\u00e7\u00e3o de cargo de provimento em Comiss\u00e3o e d\u00e1 outras provid\u00eancias.\u201d","dataAtualizacao":"2026-03-10 10:13:38","dataInicioVigencia":null,"dataFimVigencia":null,"data":"2026-03-06","numero":72,"categoria":"Portaria","situacao":"Em vigor","descricao":""},{"ementa":"\u201cAltera portaria de Nomea\u00e7\u00e3o das Autoridades Sanit\u00e1rias de Vigil\u00e2ncia \u00e0 Sa\u00fade do Munic\u00edpio.\u201d","dataAtualizacao":"2026-03-11 22:06:19","dataInicioVigencia":null,"dataFimVigencia":null,"data":"2026-03-05","numero":71,"categoria":"Portaria","situacao":"Em vigor","descricao":""},{"ementa":"\u201cDisp\u00f5e sobre a exonera\u00e7\u00e3o de servidor p\u00fablico Municipal efetivo e d\u00e1 outras provid\u00eancias.\u201d","dataAtualizacao":"2026-03-04 16:56:06","dataInicioVigencia":null,"dataFimVigencia":null,"data":"2026-03-04","numero":70,"categoria":"Portaria","situacao":"Em vigor","descricao":""},{"ementa":"\u201cDisp\u00f5e Sobre a Exonera\u00e7\u00e3o de cargo de provimento em Comiss\u00e3o e d\u00e1 outras provid\u00eancias.\u201d","dataAtualizacao":"2026-03-04 16:54:24","dataInicioVigencia":null,"dataFimVigencia":null,"data":"2026-03-04","numero":69,"categoria":"Portaria","situacao":"Em vigor","descricao":""},{"ementa":"\u201cHomologa a Desclassifica\u00e7\u00e3o de Candidato (a) Classificado (a) no Concurso P\u00fablico Edital n\u00ba 01\/2025\u201d","dataAtualizacao":"2026-03-04 13:41:27","dataInicioVigencia":null,"dataFimVigencia":null,"data":"2026-03-04","numero":68,"categoria":"Portaria","situacao":"Em vigor","descricao":""},{"ementa":"\u201cDisp\u00f5e sobre nomea\u00e7\u00e3o de Professor Coordenador Pedag\u00f3gico.\u201d","dataAtualizacao":"2026-03-04 13:39:53","dataInicioVigencia":null,"dataFimVigencia":null,"data":"2026-03-04","numero":67,"categoria":"Portaria","situacao":"Em vigor","descricao":""},{"ementa":"\u201cAbre o cr\u00e9dito adicional suplementar no valor de R$ 230.000,00 (duzentos e trinta mil reais)\u201d","dataAtualizacao":"2026-03-03 12:20:21","dataInicioVigencia":null,"dataFimVigencia":null,"data":"2026-03-03","numero":3327,"categoria":"Decreto","situacao":"Em vigor","descricao":""},{"ementa":"\u201cHomologa a Desclassifica\u00e7\u00e3o de Candidato (a) Classificado (a) no Concurso P\u00fablico Edital n\u00ba 01\/2025\u201d","dataAtualizacao":"2026-03-03 19:50:28","dataInicioVigencia":null,"dataFimVigencia":null,"data":"2026-03-03","numero":66,"categoria":"Portaria","situacao":"Em vigor","descricao":""},{"ementa":"\u201cNomeia PEB III-Educa\u00e7\u00e3o F\u00edsica","dataAtualizacao":"2026-03-03 19:49:33","dataInicioVigencia":null,"dataFimVigencia":null,"data":"2026-03-03","numero":65,"categoria":"Portaria","situacao":"Em vigor","descricao":""},{"ementa":"\u201cNomeia PEB III-Hist\u00f3ria.\u201d","dataAtualizacao":"2026-03-03 19:48:45","dataInicioVigencia":null,"dataFimVigencia":null,"data":"2026-03-03","numero":64,"categoria":"Portaria","situacao":"Em vigor","descricao":""},{"ementa":"\u201cNomeia PEB III-Geografia.\u201d","dataAtualizacao":"2026-03-03 19:47:26","dataInicioVigencia":null,"dataFimVigencia":null,"data":"2026-03-03","numero":63,"categoria":"Portaria","situacao":"Em vigor","descricao":""},{"ementa":"\u201cNomeia PEB III-Matem\u00e1tica.\u201d","dataAtualizacao":"2026-03-03 19:46:01","dataInicioVigencia":null,"dataFimVigencia":null,"data":"2026-03-03","numero":62,"categoria":"Portaria","situacao":"Em vigor","descricao":""},{"ementa":"\u201cNomeia PEB II.\u201d","dataAtualizacao":"2026-03-03 19:44:46","dataInicioVigencia":null,"dataFimVigencia":null,"data":"2026-03-03","numero":61,"categoria":"Portaria","situacao":"Em vigor","descricao":""},{"ementa":"\u201cNomeia PEB I.\u201d","dataAtualizacao":"2026-03-03 19:43:55","dataInicioVigencia":null,"dataFimVigencia":null,"data":"2026-03-03","numero":60,"categoria":"Portaria","situacao":"Em vigor","descricao":""},{"ementa":"\u201cDisp\u00f5e sobre a nomea\u00e7\u00e3o de Agente Pol\u00edtico\u201d.","dataAtualizacao":"2026-03-03 12:12:12","dataInicioVigencia":null,"dataFimVigencia":null,"data":"2026-03-02","numero":59,"categoria":"Portaria","situacao":"Em vigor","descricao":""},{"ementa":"\u201cAbre um cr\u00e9dito adicional especial no valor de R$ 12.567.196,93 (doze milh\u00f5es, quinhentos e sessenta e sete mil, cento e noventa e seis reais e noventa e tr\u00eas centavos)\u201d.","dataAtualizacao":"2026-02-27 14:21:13","dataInicioVigencia":null,"dataFimVigencia":null,"data":"2026-02-27","numero":3326,"categoria":"Decreto","situacao":"Em vigor","descricao":""},{"ementa":"\u201cAbre um cr\u00e9dito adicional especial no valor de R$ 328.789,21 (trezentos e vinte e oito mil, setecentos e oitenta e nove reais e vinte e um centavos), conforme autorizado pela Lei Municipal n\u00ba: 2.321\/2026\u201d.","dataAtualizacao":"2026-02-27 14:23:52","dataInicioVigencia":null,"dataFimVigencia":null,"data":"2026-02-27","numero":3325,"categoria":"Decreto","situacao":"Em vigor","descricao":""},{"ementa":"\u201cDesigna Gestor e Respons\u00e1vel T\u00e9cnica por Conv\u00eanios Celebrados Com a Secretaria de Governo e Rela\u00e7\u00f5es Institucionais do Estado de S\u00e3o Paulo\u201d","dataAtualizacao":"2026-02-27 14:14:19","dataInicioVigencia":null,"dataFimVigencia":null,"data":"2026-02-27","numero":58,"categoria":"Portaria","situacao":"Em vigor","descricao":""},{"ementa":"\u201cDisp\u00f5e sobre nomea\u00e7\u00e3o de PEB III \u2013 Ingl\u00eas.\u201d","dataAtualizacao":"2026-02-27 14:12:23","dataInicioVigencia":null,"dataFimVigencia":null,"data":"2026-02-27","numero":57,"categoria":"Portaria","situacao":"Em vigor","descricao":""},{"ementa":"\u201cNomeia Cuidador (a) de Alunos com Defici\u00eancia\u201d","dataAtualizacao":"2026-02-27 14:10:36","dataInicioVigencia":null,"dataFimVigencia":null,"data":"2026-02-27","numero":56,"categoria":"Portaria","situacao":"Em vigor","descricao":""},{"ementa":"\u201cNomeia Agente Operacional\u201d","dataAtualizacao":"2026-02-27 14:09:12","dataInicioVigencia":null,"dataFimVigencia":null,"data":"2026-02-27","numero":55,"categoria":"Portaria","situacao":"Em vigor","descricao":""},{"ementa":"\u201cDisp\u00f5e sobre nomea\u00e7\u00e3o de Agente de Desenvolvimento Infantil (ADI).\u201d","dataAtualizacao":"2026-02-27 12:16:20","dataInicioVigencia":null,"dataFimVigencia":null,"data":"2026-02-27","numero":54,"categoria":"Portaria","situacao":"Em vigor","descricao":""},{"ementa":"\u201cDisp\u00f5e Sobre a Exonera\u00e7\u00e3o de Servidor P\u00fablico Municipal efetivo e d\u00e1 outras provid\u00eancias.\u201d","dataAtualizacao":"2026-02-27 12:17:44","dataInicioVigencia":null,"dataFimVigencia":null,"data":"2026-02-27","numero":53,"categoria":"Portaria","situacao":"Em vigor","descricao":""},{"ementa":"\u201cHomologa a Desclassifica\u00e7\u00e3o de Candidatos Classificados no Concurso P\u00fablico Edital n\u00ba 01\/2022.\u201d","dataAtualizacao":"2026-02-27 11:42:45","dataInicioVigencia":null,"dataFimVigencia":null,"data":"2026-02-27","numero":52,"categoria":"Portaria","situacao":"Em vigor","descricao":""},{"ementa":"\u201cRegulamenta e convoca as elei\u00e7\u00f5es para o COMEJ.\u201d","dataAtualizacao":"2026-03-11 22:06:22","dataInicioVigencia":null,"dataFimVigencia":null,"data":"2026-02-26","numero":3324,"categoria":"Decreto","situacao":"Em vigor","descricao":""},{"ementa":"\u201cAutoriza a abertura de cr\u00e9dito adicional especial no valor de R$ 12.567.196,93 (doze milh\u00f5es, quinhentos e sessenta e sete mil, cento e noventa e seis reais e noventa e tr\u00eas centavos).\u201d","dataAtualizacao":"2026-02-26 21:39:05","dataInicioVigencia":null,"dataFimVigencia":null,"data":"2026-02-26","numero":2323,"categoria":"Lei Ordin\u00e1ria","situacao":"Em vigor","descricao":""},{"ementa":"\u201cAcrescenta Programas de Governo espec\u00edfico no PPA vigente (Lei Municipal n\u00ba 2.310\/2025).\u201d","dataAtualizacao":"2026-03-11 22:06:31","dataInicioVigencia":null,"dataFimVigencia":null,"data":"2026-02-26","numero":2322,"categoria":"Lei Ordin\u00e1ria","situacao":"Em vigor","descricao":""},{"ementa":"\u201cAutoriza a abertura de cr\u00e9dito adicional no valor de R$ 328.789,21 (trezentos e vinte e oito mil, setecentos e oitenta e nove reais e vinte e um centavos).\u201d","dataAtualizacao":"2026-02-26 21:26:21","dataInicioVigencia":null,"dataFimVigencia":null,"data":"2026-02-26","numero":2321,"categoria":"Lei Ordin\u00e1ria","situacao":"Em vigor","descricao":""},{"ementa":"\u201cReestrutura o Conselho Municipal de Turismo de Joan\u00f3polis (COMTUR).\u201d","dataAtualizacao":"2026-02-26 21:23:40","dataInicioVigencia":null,"dataFimVigencia":null,"data":"2026-02-26","numero":2320,"categoria":"Lei Ordin\u00e1ria","situacao":"Em vigor","descricao":""},{"ementa":"\u201cDisp\u00f5e sobre a autoriza\u00e7\u00e3o ao Poder Executivo Municipal para celebrar conv\u00eanio com o Munic\u00edpio de Bragan\u00e7a Paulista, visando o rateio proporcional de custos operacionais do Centro Regional do Instituto M\u00e9dico Legal (IML).\u201d","dataAtualizacao":"2026-02-26 21:18:42","dataInicioVigencia":null,"dataFimVigencia":null,"data":"2026-02-26","numero":2319,"categoria":"Lei Ordin\u00e1ria","situacao":"Em vigor","descricao":""},{"ementa":"\u201cDisp\u00f5e sobre nomea\u00e7\u00e3o de cargo de provimento em comiss\u00e3o, e d\u00e1 outras provid\u00eancias.\u201d","dataAtualizacao":"2026-02-26 22:14:36","dataInicioVigencia":null,"dataFimVigencia":null,"data":"2026-02-26","numero":51,"categoria":"Portaria","situacao":"Em vigor","descricao":""},{"ementa":"\u201cDisp\u00f5e sobre nomea\u00e7\u00e3o de cargo de provimento em comiss\u00e3o, e d\u00e1 outras provid\u00eancias.\u201d","dataAtualizacao":"2026-02-26 22:12:33","dataInicioVigencia":null,"dataFimVigencia":null,"data":"2026-02-26","numero":50,"categoria":"Portaria","situacao":"Em vigor","descricao":""},{"ementa":"\u201cDisp\u00f5e sobre a exonera\u00e7\u00e3o de cargo de provimento em comiss\u00e3o e d\u00e1 outras provid\u00eancias.\u201d","dataAtualizacao":"2026-02-26 22:07:35","dataInicioVigencia":null,"dataFimVigencia":null,"data":"2026-02-26","numero":49,"categoria":"Portaria","situacao":"Em vigor","descricao":""},{"ementa":"\u201cDisp\u00f5e sobre a exonera\u00e7\u00e3o de cargo de provimento em comiss\u00e3o e d\u00e1 outras provid\u00eancias.\u201d","dataAtualizacao":"2026-02-26 22:06:48","dataInicioVigencia":null,"dataFimVigencia":null,"data":"2026-02-26","numero":48,"categoria":"Portaria","situacao":"Em vigor","descricao":""},{"ementa":"\u201cHomologa a Desclassifica\u00e7\u00e3o de Candidatos Classificados no Concurso P\u00fablico Edital n\u00ba 01\/2022.\u201d","dataAtualizacao":"2026-02-26 21:55:56","dataInicioVigencia":null,"dataFimVigencia":null,"data":"2026-02-26","numero":47,"categoria":"Portaria","situacao":"Em vigor","descricao":""},{"ementa":"\u201cHomologa a Desclassifica\u00e7\u00e3o de Candidatos Classificados no Concurso P\u00fablico Edital n\u00ba 01\/2022.\u201d","dataAtualizacao":"2026-02-26 21:53:04","dataInicioVigencia":null,"dataFimVigencia":null,"data":"2026-02-26","numero":46,"categoria":"Portaria","situacao":"Em vigor","descricao":""},{"ementa":"\u201cHomologa a Desclassifica\u00e7\u00e3o de Candidato (a) Classificado (a) no Concurso P\u00fablico Edital n\u00ba 01\/2024.\u201d","dataAtualizacao":"2026-02-26 21:50:19","dataInicioVigencia":null,"dataFimVigencia":null,"data":"2026-02-26","numero":45,"categoria":"Portaria","situacao":"Em vigor","descricao":""},{"ementa":"\u201cDesigna membros para compor a Comiss\u00e3o de Avalia\u00e7\u00e3o das inscri\u00e7\u00f5es referentes ao Edital de Credenciamento 01\/2026 vinculado \u00e0 Pol\u00edtica Nacional Aldir Blanc de Fomento \u00e0 Cultura.\u201d","dataAtualizacao":"2026-02-26 13:05:12","dataInicioVigencia":null,"dataFimVigencia":null,"data":"2026-02-26","numero":44,"categoria":"Portaria","situacao":"Em vigor","descricao":""},{"ementa":"\u201cDisp\u00f5e sobre nomea\u00e7\u00e3o dos membros do COMTEJ, reservado o quantitativo de designa\u00e7\u00e3o do Poder Executivo\u201d.","dataAtualizacao":"2026-02-26 10:59:17","dataInicioVigencia":null,"dataFimVigencia":null,"data":"2026-02-25","numero":3323,"categoria":"Decreto","situacao":"Em vigor","descricao":""},{"ementa":"\u201cHomologa a Desclassifica\u00e7\u00e3o de Candidato (a) Classificado (a) no Concurso P\u00fablico Edital n\u00ba 01\/2025\u201d","dataAtualizacao":"2026-02-25 12:11:13","dataInicioVigencia":null,"dataFimVigencia":null,"data":"2026-02-25","numero":43,"categoria":"Portaria","situacao":"Em vigor","descricao":""},{"ementa":"\u201cDisp\u00f5e sobre regulamenta\u00e7\u00e3o do Processo Seletivo Interno na Secretaria Municipal de Educa\u00e7\u00e3o, nos termos da Lei Municipal n\u00ba 1.932\/2018.\u201d","dataAtualizacao":"2026-03-11 22:06:36","dataInicioVigencia":null,"dataFimVigencia":null,"data":"2026-02-23","numero":3322,"categoria":"Decreto","situacao":"Em vigor","descricao":""},{"ementa":"\u201cDeclara a atualiza\u00e7\u00e3o do C\u00f3digo de Endere\u00e7amento Postal da sede do Fundo Municipal de Assist\u00eancia Social em raz\u00e3o da atualiza\u00e7\u00e3o promovida pela Empresa Brasileira de Correios e Tel\u00e9grafos\u201d","dataAtualizacao":"2026-03-11 22:06:42","dataInicioVigencia":null,"dataFimVigencia":null,"data":"2026-02-23","numero":3321,"categoria":"Decreto","situacao":"Em vigor","descricao":""},{"ementa":"\u201cHomologa a Desclassifica\u00e7\u00e3o de Candidato (a) Classificado (a) no Concurso P\u00fablico Edital n\u00ba 01\/2025\u201d","dataAtualizacao":"2026-02-23 14:14:42","dataInicioVigencia":null,"dataFimVigencia":null,"data":"2026-02-23","numero":42,"categoria":"Portaria","situacao":"Em vigor","descricao":""},{"ementa":"\u201cDisp\u00f5e sobre a exonera\u00e7\u00e3o de servidor p\u00fablico municipal efetivo e d\u00e1 outras provid\u00eancias.\u201d","dataAtualizacao":"2026-02-23 14:11:53","dataInicioVigencia":null,"dataFimVigencia":null,"data":"2026-02-23","numero":41,"categoria":"Portaria","situacao":"Em vigor","descricao":""},{"ementa":"\u201cDisp\u00f5e sobre a Nomea\u00e7\u00e3o Interina de cargo pol\u00edtico espec\u00edfico.\u201d","dataAtualizacao":"2026-02-20 18:56:45","dataInicioVigencia":null,"dataFimVigencia":null,"data":"2026-02-20","numero":40,"categoria":"Portaria","situacao":"Em vigor","descricao":""},{"ementa":"\u201cDisp\u00f5e sobre exonera\u00e7\u00e3o de cargo pol\u00edtico espec\u00edfico.\u201d","dataAtualizacao":"2026-02-20 18:52:08","dataInicioVigencia":null,"dataFimVigencia":null,"data":"2026-02-20","numero":39,"categoria":"Portaria","situacao":"Em vigor","descricao":""},{"ementa":"\u201cHomologa a Desclassifica\u00e7\u00e3o de Candidato Classificado no Concurso P\u00fablico Edital n\u00ba 01\/2025.\u201d","dataAtualizacao":"2026-02-20 18:49:48","dataInicioVigencia":null,"dataFimVigencia":null,"data":"2026-02-20","numero":38,"categoria":"Portaria","situacao":"Em vigor","descricao":""},{"ementa":"Disp\u00f5e sobre os crit\u00e9rios e procedimentos para a atribui\u00e7\u00e3o de aulas\/classes aos professores contratados por tempo determinado, classificados no Processo Seletivo Simplificado \u2013 Edital n\u00ba 001\/2026 e aos candidatos aprovados em Concurso P\u00fablico \u2013 Edital n\u00ba 001\/2025.","dataAtualizacao":"2026-02-20 19:16:26","dataInicioVigencia":null,"dataFimVigencia":null,"data":"2026-02-20","numero":2,"categoria":"Resolu\u00e7\u00e3o","situacao":"Em vigor","descricao":""},{"ementa":"\u201cConcede Evolu\u00e7\u00e3o \u00e0 Integrante do Quadro do Magist\u00e9rio P\u00fablico Municipal.\u201d","dataAtualizacao":"2026-02-13 16:18:13","dataInicioVigencia":null,"dataFimVigencia":null,"data":"2026-02-13","numero":37,"categoria":"Portaria","situacao":"Em vigor","descricao":""},{"ementa":"\u201cConcede Evolu\u00e7\u00e3o \u00e0 Integrante do Quadro do Magist\u00e9rio P\u00fablico Municipal.\u201d","dataAtualizacao":"2026-02-13 16:17:45","dataInicioVigencia":null,"dataFimVigencia":null,"data":"2026-02-13","numero":36,"categoria":"Portaria","situacao":"Em vigor","descricao":""},{"ementa":"\u201cConcede Evolu\u00e7\u00e3o \u00e0 Integrante do Quadro do Magist\u00e9rio P\u00fablico Municipal.\u201d","dataAtualizacao":"2026-02-13 16:11:30","dataInicioVigencia":null,"dataFimVigencia":null,"data":"2026-02-13","numero":35,"categoria":"Portaria","situacao":"Em vigor","descricao":""},{"ementa":"\u201cConcede Evolu\u00e7\u00e3o \u00e0 Integrante do Quadro do Magist\u00e9rio P\u00fablico Municipal.\u201d","dataAtualizacao":"2026-02-13 12:06:03","dataInicioVigencia":null,"dataFimVigencia":null,"data":"2026-02-13","numero":34,"categoria":"Portaria","situacao":"Em vigor","descricao":""},{"ementa":"\u201cDisp\u00f5e sobre a reconvoca\u00e7\u00e3o e Regulamenta\u00e7\u00e3o para a Elei\u00e7\u00e3o do Conselho Municipal do Trabalho e Empreendedorismo e d\u00e1 Outras Provid\u00eancias\u201d","dataAtualizacao":"2026-03-11 22:06:40","dataInicioVigencia":null,"dataFimVigencia":null,"data":"2026-02-12","numero":3320,"categoria":"Decreto","situacao":"Em vigor","descricao":""},{"ementa":"\u201cHomologa a Desclassifica\u00e7\u00e3o de Candidato (a) Classificado (a) no Concurso P\u00fablico Edital n\u00ba 01\/2024.\u201d","dataAtualizacao":"2026-02-12 15:08:10","dataInicioVigencia":null,"dataFimVigencia":null,"data":"2026-02-12","numero":33,"categoria":"Portaria","situacao":"Em vigor","descricao":""},{"ementa":"\u201cHomologa a Desclassifica\u00e7\u00e3o de Candidato (a) Classificado (a) no Concurso P\u00fablico Edital n\u00ba 01\/2024.\u201d","dataAtualizacao":"2026-02-12 15:09:38","dataInicioVigencia":null,"dataFimVigencia":null,"data":"2026-02-12","numero":32,"categoria":"Portaria","situacao":"Em vigor","descricao":""},{"ementa":"\u201cDisp\u00f5e Sobre Ponto Facultativo e D\u00e1 Outras Provid\u00eancias\u201d","dataAtualizacao":"2026-02-10 15:45:57","dataInicioVigencia":null,"dataFimVigencia":null,"data":"2026-02-10","numero":3319,"categoria":"Decreto","situacao":"Em vigor","descricao":""},{"ementa":"\u201cDisp\u00f5e sobre medidas de seguran\u00e7a para as festividades de carnaval de 2026, no tocante a consumo e comercializa\u00e7\u00e3o dos produtos, uso de equipamentos sonoros, caixas t\u00e9rmicas e aos desfiles dos blocos carnavalescos.\u201d","dataAtualizacao":"2026-02-06 21:22:50","dataInicioVigencia":null,"dataFimVigencia":null,"data":"2026-02-06","numero":3318,"categoria":"Decreto","situacao":"Em vigor","descricao":""},{"ementa":"\u201cDisp\u00f5e sobre o fechamento de ruas onde ocorrer\u00e3o as festividades carnavalescas de 2026, no que tange ao bloqueio para autom\u00f3veis.\u201d","dataAtualizacao":"2026-02-06 21:23:20","dataInicioVigencia":null,"dataFimVigencia":null,"data":"2026-02-06","numero":3317,"categoria":"Decreto","situacao":"Em vigor","descricao":""},{"ementa":"\u201cHomologa a Desclassifica\u00e7\u00e3o de Candidato (a) Classificado (a) no Concurso P\u00fablico Edital n\u00ba 01\/2024.\u201d","dataAtualizacao":"2026-02-06 20:59:36","dataInicioVigencia":null,"dataFimVigencia":null,"data":"2026-02-06","numero":31,"categoria":"Portaria","situacao":"Em vigor","descricao":""},{"ementa":"\u201cDisp\u00f5e sobre a exonera\u00e7\u00e3o de cargo de provimento em comiss\u00e3o e d\u00e1 outras provid\u00eancias.\u201d","dataAtualizacao":"2026-02-04 11:50:49","dataInicioVigencia":null,"dataFimVigencia":null,"data":"2026-02-04","numero":30,"categoria":"Portaria","situacao":"Em vigor","descricao":""},{"ementa":"\u201cNomeia Conselho Gestor do Fundo Municipal de Saneamento B\u00e1sico \u2013 FMSB.\u201d","dataAtualizacao":"2026-02-04 11:50:25","dataInicioVigencia":null,"dataFimVigencia":null,"data":"2026-02-03","numero":29,"categoria":"Portaria","situacao":"Em vigor","descricao":""},{"ementa":"\u201cDisp\u00f5e sobre nomea\u00e7\u00e3o de Auxiliar Administrativo\u201d","dataAtualizacao":"2026-02-04 11:50:01","dataInicioVigencia":null,"dataFimVigencia":null,"data":"2026-02-03","numero":28,"categoria":"Portaria","situacao":"Em vigor","descricao":""},{"ementa":"\u201cDisp\u00f5e sobre nomea\u00e7\u00e3o de Tesoureiro\u201d","dataAtualizacao":"2026-02-05 09:47:37","dataInicioVigencia":null,"dataFimVigencia":null,"data":"2026-02-03","numero":27,"categoria":"Portaria","situacao":"Em vigor","descricao":""},{"ementa":"\u201cDisp\u00f5e sobre nomea\u00e7\u00e3o de cargo de provimento em comiss\u00e3o, e d\u00e1 outras provid\u00eancias.\u201d","dataAtualizacao":"2026-02-04 11:49:05","dataInicioVigencia":null,"dataFimVigencia":null,"data":"2026-02-03","numero":26,"categoria":"Portaria","situacao":"Em vigor","descricao":""},{"ementa":"\u201cDisp\u00f5e Sobre a Exonera\u00e7\u00e3o de cargo de provimento em Comiss\u00e3o e d\u00e1 outras provid\u00eancias.\u201d","dataAtualizacao":"2026-02-04 11:48:14","dataInicioVigencia":null,"dataFimVigencia":null,"data":"2026-02-03","numero":25,"categoria":"Portaria","situacao":"Em vigor","descricao":""},{"ementa":"\u201cDisp\u00f5e Sobre a Exonera\u00e7\u00e3o de Servidor P\u00fablico Municipal efetivo e d\u00e1 outras provid\u00eancias.\u201d","dataAtualizacao":"2026-02-04 11:47:38","dataInicioVigencia":null,"dataFimVigencia":null,"data":"2026-02-03","numero":24,"categoria":"Portaria","situacao":"Em vigor","descricao":""},{"ementa":"\u201cDisp\u00f5e Sobre Exonera\u00e7\u00e3o de Provimento em Fun\u00e7\u00e3o Gratificada e d\u00e1 outras provid\u00eancias.\u201d","dataAtualizacao":"2026-03-11 22:06:38","dataInicioVigencia":null,"dataFimVigencia":null,"data":"2026-02-02","numero":23,"categoria":"Portaria","situacao":"Em vigor","descricao":""},{"ementa":"\u201cDisp\u00f5e Sobre a Exonera\u00e7\u00e3o de Servidor P\u00fablico Municipal efetiva por aposentadoria e d\u00e1 outras provid\u00eancias.\u201d","dataAtualizacao":"2026-01-30 15:02:42","dataInicioVigencia":null,"dataFimVigencia":null,"data":"2026-01-30","numero":22,"categoria":"Portaria","situacao":"Em vigor","descricao":""},{"ementa":"\u201cDisp\u00f5e sobre nomea\u00e7\u00e3o de cargo pol\u00edtico\u201d.","dataAtualizacao":"2026-01-30 15:03:18","dataInicioVigencia":null,"dataFimVigencia":null,"data":"2026-01-30","numero":21,"categoria":"Portaria","situacao":"Em vigor","descricao":""},{"ementa":"Disp\u00f5e sobre a vig\u00eancia, prazos, procedimentos e informa\u00e7\u00f5es para os Prestadores de Servi\u00e7os Tur\u00edsticos, quanto ao Cadastro Municipal de Turismo.","dataAtualizacao":"2026-01-30 19:30:46","dataInicioVigencia":null,"dataFimVigencia":null,"data":"2026-01-30","numero":1,"categoria":"Resolu\u00e7\u00e3o","situacao":"Em vigor","descricao":""},{"ementa":"\u201cDisp\u00f5e sobre a designa\u00e7\u00e3o dos servidores para atuarem no Cons\u00f3rcio PCJ - Projeto Gota d\u2019\u00c1gua, e d\u00e1 outras provid\u00eancias.\u201d","dataAtualizacao":"2026-01-29 22:23:48","dataInicioVigencia":null,"dataFimVigencia":null,"data":"2026-01-29","numero":20,"categoria":"Portaria","situacao":"Em vigor","descricao":""},{"ementa":"\u201cDeclara a atualiza\u00e7\u00e3o do C\u00f3digo de Endere\u00e7amento Postal da sede da Prefeitura Municipal da Joan\u00f3polis em raz\u00e3o da atualiza\u00e7\u00e3o promovida pela Empresa Brasileira de Correios e Tel\u00e9grafos\u201d","dataAtualizacao":"2026-03-11 22:06:54","dataInicioVigencia":null,"dataFimVigencia":null,"data":"2026-01-28","numero":3316,"categoria":"Decreto","situacao":"Em vigor","descricao":""},{"ementa":"\u201cHomologa a Desclassifica\u00e7\u00e3o de Candidatos Classificados no Concurso P\u00fablico Edital n\u00ba 01\/2024.\u201d","dataAtualizacao":"2026-01-23 20:05:10","dataInicioVigencia":null,"dataFimVigencia":null,"data":"2026-01-23","numero":19,"categoria":"Portaria","situacao":"Em vigor","descricao":""},{"ementa":"\u201cDisp\u00f5e sobre a transfer\u00eancia de funcion\u00e1rio.\u201d","dataAtualizacao":"2026-01-23 19:51:38","dataInicioVigencia":null,"dataFimVigencia":null,"data":"2026-01-22","numero":18,"categoria":"Portaria","situacao":"Em vigor","descricao":""},{"ementa":"\u201cDisp\u00f5e Sobre a Nomea\u00e7\u00e3o de Fun\u00e7\u00e3o Gratificada.\u201d","dataAtualizacao":"2026-03-11 22:06:44","dataInicioVigencia":null,"dataFimVigencia":null,"data":"2026-01-19","numero":17,"categoria":"Portaria","situacao":"Em vigor","descricao":""},{"ementa":"\u201cDisp\u00f5e Sobre a Nomea\u00e7\u00e3o de Fun\u00e7\u00e3o Gratificada.\u201d","dataAtualizacao":"2026-03-11 22:06:53","dataInicioVigencia":null,"dataFimVigencia":null,"data":"2026-01-19","numero":16,"categoria":"Portaria","situacao":"Em vigor","descricao":""},{"ementa":"\u201cNomeia Auxiliar Administrativo (a).\u201d","dataAtualizacao":"2026-01-20 21:16:38","dataInicioVigencia":null,"dataFimVigencia":null,"data":"2026-01-19","numero":15,"categoria":"Portaria","situacao":"Em vigor","descricao":""},{"ementa":"\u201cDisp\u00f5e sobre nomea\u00e7\u00e3o de cargo pol\u00edtico\u201d.","dataAtualizacao":"2026-01-20 21:30:23","dataInicioVigencia":null,"dataFimVigencia":null,"data":"2026-01-19","numero":14,"categoria":"Portaria","situacao":"Em vigor","descricao":""},{"ementa":"\u201cDisp\u00f5e sobre a transfer\u00eancia de funcion\u00e1rio.\u201d","dataAtualizacao":"2026-01-20 21:14:59","dataInicioVigencia":null,"dataFimVigencia":null,"data":"2026-01-19","numero":13,"categoria":"Portaria","situacao":"Em vigor","descricao":""},{"ementa":"\u201cAbre o cr\u00e9dito adicional no valor de R$ 816.000,00 (oitocentos e dezesseis mil reais)\u201d.","dataAtualizacao":"2026-01-28 14:41:52","dataInicioVigencia":null,"dataFimVigencia":null,"data":"2026-01-16","numero":3315,"categoria":"Decreto","situacao":"Em vigor","descricao":""},{"ementa":"\u201cDisp\u00f5e sobre a transfer\u00eancia de funcion\u00e1rio.\u201d","dataAtualizacao":"2026-01-16 11:35:11","dataInicioVigencia":null,"dataFimVigencia":null,"data":"2026-01-15","numero":12,"categoria":"Portaria","situacao":"Em vigor","descricao":""},{"ementa":"\u201cDesigna servidor para compor a estrutura da Secretaria Municipal de Administra\u00e7\u00e3o e Finan\u00e7as.\u201d","dataAtualizacao":"2026-01-13 12:52:23","dataInicioVigencia":null,"dataFimVigencia":null,"data":"2026-01-13","numero":11,"categoria":"Portaria","situacao":"Em vigor","descricao":""},{"ementa":"\u201cDisp\u00f5e sobre o fechamento de ruas e seu ordenamento onde ocorrer\u00e1 o 15\u00b0 Encontro de Fuscas e Carros Antigos, no que tange ao bloqueio para autom\u00f3veis.\u201d","dataAtualizacao":"2026-01-12 16:53:48","dataInicioVigencia":null,"dataFimVigencia":null,"data":"2026-01-12","numero":3314,"categoria":"Decreto","situacao":"Em vigor","descricao":""},{"ementa":"\u201cDisp\u00f5e sobre a Convoca\u00e7\u00e3o e Regulamenta\u00e7\u00e3o para a Elei\u00e7\u00e3o do Conselho Municipal do Trabalho e Empreendedorismo e d\u00e1 Outras Provid\u00eancias\u201d","dataAtualizacao":"2026-03-11 22:06:51","dataInicioVigencia":null,"dataFimVigencia":null,"data":"2026-01-09","numero":3313,"categoria":"Decreto","situacao":"Em vigor","descricao":""},{"ementa":"\u201cDisp\u00f5e sobre a transfer\u00eancia de funcion\u00e1rio.\u201d","dataAtualizacao":"2026-01-16 11:36:10","dataInicioVigencia":null,"dataFimVigencia":null,"data":"2026-01-09","numero":10,"categoria":"Portaria","situacao":"Em vigor","descricao":""},{"ementa":"\u201cNomeia Comiss\u00e3o Municipal para Supervisionar Processo Seletivo para provimento de fun\u00e7\u00f5es na Administra\u00e7\u00e3o Municipal.\u201d","dataAtualizacao":"2026-01-09 10:15:04","dataInicioVigencia":null,"dataFimVigencia":null,"data":"2026-01-09","numero":9,"categoria":"Portaria","situacao":"Em vigor","descricao":""},{"ementa":"\u201cDisp\u00f5e sobre a obrigatoriedade do registro de frequ\u00eancia, exclusivamente por meio de sistema de ponto eletr\u00f4nico, para os estagi\u00e1rios no \u00e2mbito da Administra\u00e7\u00e3o P\u00fablica do Poder Executivo Municipal.\u201d","dataAtualizacao":"2026-01-08 11:51:18","dataInicioVigencia":null,"dataFimVigencia":null,"data":"2026-01-08","numero":8,"categoria":"Portaria","situacao":"Em vigor","descricao":""},{"ementa":"\u201cHomologa a Desclassifica\u00e7\u00e3o de Candidato (a) Classificado (a) no Concurso P\u00fablico Edital n\u00ba 01\/2024.\u201d","dataAtualizacao":"2026-01-08 11:53:36","dataInicioVigencia":null,"dataFimVigencia":null,"data":"2026-01-07","numero":7,"categoria":"Portaria","situacao":"Em vigor","descricao":""},{"ementa":"\u201cHomologa a Desclassifica\u00e7\u00e3o de Candidatos Classificados no Concurso P\u00fablico Edital n\u00ba 01\/2022.\u201d","dataAtualizacao":"2026-01-07 11:22:13","dataInicioVigencia":null,"dataFimVigencia":null,"data":"2026-01-06","numero":6,"categoria":"Portaria","situacao":"Em vigor","descricao":""},{"ementa":"\u201cRegulamenta a tabela de Pre\u00e7os P\u00fablicos vigente conforme Decreto Municipal n\u00ba 3.309\/2025, em simetria com a Lei Complementar n\u00ba.: 48\/2025\u201d.","dataAtualizacao":"2026-03-11 22:06:46","dataInicioVigencia":null,"dataFimVigencia":null,"data":"2026-01-05","numero":3312,"categoria":"Decreto","situacao":"Em vigor","descricao":""},{"ementa":"\u201cDisp\u00f5e sobre prorroga\u00e7\u00e3o Nomea\u00e7\u00e3o Interina de cargo pol\u00edtico espec\u00edfico.\u201d","dataAtualizacao":"2026-03-11 22:06:49","dataInicioVigencia":null,"dataFimVigencia":null,"data":"2026-01-05","numero":5,"categoria":"Portaria","situacao":"Em vigor","descricao":""},{"ementa":"\u201cDisp\u00f5e Sobre a Nomea\u00e7\u00e3o Interina de cargo pol\u00edtico espec\u00edfico.\u201d","dataAtualizacao":"2026-01-07 11:21:23","dataInicioVigencia":null,"dataFimVigencia":null,"data":"2026-01-05","numero":4,"categoria":"Portaria","situacao":"Em vigor","descricao":""},{"ementa":"\u201cDisp\u00f5e sobre nomea\u00e7\u00e3o de cargo de provimento em comiss\u00e3o, e d\u00e1 outras provid\u00eancias.\u201d","dataAtualizacao":"2026-01-07 11:23:46","dataInicioVigencia":null,"dataFimVigencia":null,"data":"2026-01-05","numero":3,"categoria":"Portaria","situacao":"Em vigor","descricao":""},{"ementa":"\u201cDisp\u00f5e sobre a exonera\u00e7\u00e3o de cargo de provimento em comiss\u00e3o e d\u00e1 outras provid\u00eancias.\u201d","dataAtualizacao":"2026-01-07 11:25:45","dataInicioVigencia":null,"dataFimVigencia":null,"data":"2026-01-05","numero":2,"categoria":"Portaria","situacao":"Em vigor","descricao":""},{"ementa":"\u201cDisp\u00f5e sobre exonera\u00e7\u00e3o de cargo pol\u00edtico espec\u00edfico.\u201d","dataAtualizacao":"2026-01-07 11:24:35","dataInicioVigencia":null,"dataFimVigencia":null,"data":"2026-01-05","numero":1,"categoria":"Portaria","situacao":"Em vigor","descricao":""},{"ementa":"\u201cRegulamenta Reajuste do Piso Salarial\u201d.","dataAtualizacao":"2026-03-11 22:07:06","dataInicioVigencia":null,"dataFimVigencia":null,"data":"2025-12-30","numero":3311,"categoria":"Decreto","situacao":"Em vigor","descricao":""},{"ementa":"\u201cDeclara a atualiza\u00e7\u00e3o da UFESP no \u00e2mbito municipal, conforme estabelecido pela Secretaria da Fazenda e Planejamento do Estado de S\u00e3o Paulo\u201d.","dataAtualizacao":"2026-03-11 22:07:08","dataInicioVigencia":null,"dataFimVigencia":null,"data":"2025-12-30","numero":3310,"categoria":"Decreto","situacao":"Em vigor","descricao":""},{"ementa":"\u201cDisp\u00f5e sobre altera\u00e7\u00e3o dos pre\u00e7os dos servi\u00e7os p\u00fablicos e fornecimento de utilidades n\u00e3o remuneradas atrav\u00e9s de taxas\u201d.","dataAtualizacao":"2026-03-11 22:06:48","dataInicioVigencia":null,"dataFimVigencia":null,"data":"2025-12-30","numero":3309,"categoria":"Decreto","situacao":"Em vigor","descricao":""},{"ementa":"\u201cFica aberto um cr\u00e9dito adicional suplementar no valor de R$ 1.464.750,00 (um milh\u00e3o, quatrocentos e sessenta e quatro mil, setecentos e cinquenta reais)\u201d.","dataAtualizacao":"2026-01-05 15:55:24","dataInicioVigencia":null,"dataFimVigencia":null,"data":"2025-12-22","numero":3308,"categoria":"Decreto","situacao":"Em vigor","descricao":""},{"ementa":"&quot;Excetua o \u00f3rg\u00e3o da Defesa Civil do gozo dos pontos facultativos das festividades de final de ano&quot;","dataAtualizacao":"2026-01-05 15:53:41","dataInicioVigencia":null,"dataFimVigencia":null,"data":"2025-12-19","numero":3307,"categoria":"Decreto","situacao":"Em vigor","descricao":""},{"ementa":"&quot;Institui Plano de Conting\u00eancia para a Gest\u00e3o e Controle de Horas Extras no \u00e2mbito da Prefeitura de Joan\u00f3polis-SP&quot;","dataAtualizacao":"2026-01-05 15:51:42","dataInicioVigencia":null,"dataFimVigencia":null,"data":"2025-12-19","numero":3306,"categoria":"Decreto","situacao":"Em vigor","descricao":""},{"ementa":"\u201cDelega fun\u00e7\u00f5es nos termos do \u00a71\u00ba, do art. 70 da Lei Org\u00e2nica do Munic\u00edpio de Joan\u00f3polis.\u201d","dataAtualizacao":"2026-01-05 15:45:37","dataInicioVigencia":null,"dataFimVigencia":null,"data":"2025-12-18","numero":3305,"categoria":"Decreto","situacao":"Em vigor","descricao":""},{"ementa":"\u201cEstabelece as diretrizes operacionais de equidade para o atendimento da demanda por vagas nos estabelecimentos da educa\u00e7\u00e3o b\u00e1sica da Rede P\u00fablica Municipal de Ensino de Joan\u00f3polis, e d\u00e1 outras provid\u00eancias.\u201d","dataAtualizacao":"2026-01-12 09:55:57","dataInicioVigencia":null,"dataFimVigencia":null,"data":"2025-12-18","numero":3304,"categoria":"Decreto","situacao":"Em vigor","descricao":""},{"ementa":"\u201cDesigna Membros Integrante da Comiss\u00e3o Parit\u00e1ria de Controle e Fiscaliza\u00e7\u00e3o\u201d","dataAtualizacao":"2026-01-07 11:47:27","dataInicioVigencia":null,"dataFimVigencia":null,"data":"2025-12-18","numero":279,"categoria":"Portaria","situacao":"Em vigor","descricao":""},{"ementa":"\u201cDesigna os membros da comiss\u00e3o t\u00e9cnica de sele\u00e7\u00e3o que ter\u00e1 como compet\u00eancia o processamento e julgamento das propostas decorrentes do edital de credenciamento n\u00ba 09\/2025.\u201d","dataAtualizacao":"2026-01-07 11:46:32","dataInicioVigencia":null,"dataFimVigencia":null,"data":"2025-12-18","numero":278,"categoria":"Portaria","situacao":"Em vigor","descricao":""},{"ementa":"\u201cDisp\u00f5e sobre os procedimentos administrativos a serem tomados pela Administra\u00e7\u00e3o da Santa Casa de Miseric\u00f3rdia de Joan\u00f3polis e d\u00e1 outras Provid\u00eancias.\u201d","dataAtualizacao":"2026-01-12 09:57:15","dataInicioVigencia":null,"dataFimVigencia":null,"data":"2025-12-16","numero":3303,"categoria":"Decreto","situacao":"Em vigor","descricao":""},{"ementa":"\u201cNomeia Agente de Defesa Civil.\u201d","dataAtualizacao":"2026-01-07 11:45:43","dataInicioVigencia":null,"dataFimVigencia":null,"data":"2025-12-16","numero":277,"categoria":"Portaria","situacao":"Em vigor","descricao":""},{"ementa":"\u201cDisp\u00f5e Sobre Desconto do IPTU, nos termos do Art. 29, Par\u00e1grafo \u00danico, da Lei Complementar n\u00ba 01\/97 e o reajuste da Planta Gen\u00e9rica, nos termos do Art. 99 da Lei Org\u00e2nica do Munic\u00edpio.\u201d","dataAtualizacao":"2026-01-05 16:02:20","dataInicioVigencia":null,"dataFimVigencia":null,"data":"2025-12-12","numero":3301,"categoria":"Decreto","situacao":"Em vigor","descricao":""},{"ementa":"\u201cAcrescenta dispositivo ao Art. 18 da Lei n\u00ba 2.229\/24 (Lei de Diretrizes Or\u00e7ament\u00e1rias para 2025), a fim de autorizar a majora\u00e7\u00e3o do quantitativo de empregos p\u00fablicos de Farmac\u00eautico.\u201d","dataAtualizacao":"2026-03-11 22:07:04","dataInicioVigencia":null,"dataFimVigencia":null,"data":"2025-12-11","numero":2316,"categoria":"Lei Ordin\u00e1ria","situacao":"Em vigor","descricao":""},{"ementa":"\u201cDisp\u00f5e sobre a institui\u00e7\u00e3o e regulamenta\u00e7\u00e3o da Carta de Servi\u00e7os ao Usu\u00e1rio no \u00e2mbito da Est\u00e2ncia Tur\u00edstica de Joan\u00f3polis-SP.\u201d","dataAtualizacao":"2026-03-11 22:07:01","dataInicioVigencia":null,"dataFimVigencia":null,"data":"2025-12-03","numero":3295,"categoria":"Decreto","situacao":"Em vigor","descricao":"\u201cDisp\u00f5e sobre a institui\u00e7\u00e3o e regulamenta\u00e7\u00e3o da Carta de Servi\u00e7os ao Usu\u00e1rio no \u00e2mbito da Est\u00e2ncia Tur\u00edstica de Joan\u00f3polis-SP.\u201d"},{"ementa":"\u201cDisp\u00f5e sobre provimento em fun\u00e7\u00e3o gratificada e d\u00e1 outras provid\u00eancias.\u201d","dataAtualizacao":"2026-03-11 22:06:58","dataInicioVigencia":null,"dataFimVigencia":null,"data":"2025-12-01","numero":266,"categoria":"Portaria","situacao":"Em vigor","descricao":""},{"ementa":"\u201cDisp\u00f5e Sobre Exonera\u00e7\u00e3o de Provimento em Fun\u00e7\u00e3o Gratificada e d\u00e1 outras provid\u00eancias.\u201d","dataAtualizacao":"2026-03-11 22:07:00","dataInicioVigencia":null,"dataFimVigencia":null,"data":"2025-12-01","numero":260,"categoria":"Portaria","situacao":"Em vigor","descricao":""},{"ementa":"\u201c Acrescenta dispositivo no art. 18 da Lei n\u00ba 2.229\/24 (LDO\/2025) para incluir autoriza\u00e7\u00e3o de cria\u00e7\u00e3o de Empregos P\u00fablicos, como os de Terapeuta Ocupacional, M\u00e9dico Neuropsiquiatra, Neuropsic\u00f3logo, Coordenador de Educa\u00e7\u00e3o Especial e majora\u00e7\u00e3o de empregos j\u00e1 existentes e d\u00e1 outras provid\u00eancias.\u201d","dataAtualizacao":"2026-03-11 22:06:56","dataInicioVigencia":null,"dataFimVigencia":null,"data":"2025-11-28","numero":2304,"categoria":"Lei Ordin\u00e1ria","situacao":"Em vigor","descricao":""},{"ementa":"Disp\u00f5e sobre a inser\u00e7\u00e3o da Computa\u00e7\u00e3o na Educa\u00e7\u00e3o B\u00e1sica, nos termos da Base Nacional Comum Curricular.","dataAtualizacao":"2026-02-03 13:30:45","dataInicioVigencia":null,"dataFimVigencia":null,"data":"2025-11-19","numero":13,"categoria":"Resolu\u00e7\u00e3o","situacao":"Em vigor","descricao":""},{"ementa":"Disp\u00f5e sobre a inser\u00e7\u00e3o da Computa\u00e7\u00e3o na Educa\u00e7\u00e3o B\u00e1sica, nos termos da Base Nacional Comum Curricular.","dataAtualizacao":"2026-02-03 13:30:16","dataInicioVigencia":null,"dataFimVigencia":null,"data":"2025-11-19","numero":12,"categoria":"Resolu\u00e7\u00e3o","situacao":"Em vigor","descricao":""},{"ementa":"\u201cDisp\u00f5e sobre a Convoca\u00e7\u00e3o e Regulamenta\u00e7\u00e3o para a Elei\u00e7\u00e3o do Conselho Municipal do Trabalho e Empreendedorismo e d\u00e1 Outras Provid\u00eancias\u201d","dataAtualizacao":"2026-01-05 15:32:50","dataInicioVigencia":null,"dataFimVigencia":null,"data":"2025-11-13","numero":3282,"categoria":"Decreto","situacao":"Em vigor","descricao":""},{"ementa":"Disp\u00f5e sobre a inser\u00e7\u00e3o da Computa\u00e7\u00e3o na Educa\u00e7\u00e3o B\u00e1sica, nos termos da Base Nacional Comum Curricular.","dataAtualizacao":"2026-02-03 13:29:10","dataInicioVigencia":null,"dataFimVigencia":null,"data":"2025-10-10","numero":11,"categoria":"Resolu\u00e7\u00e3o","situacao":"Em vigor","descricao":""},{"ementa":"Disp\u00f5e sobre a inser\u00e7\u00e3o da Computa\u00e7\u00e3o na Educa\u00e7\u00e3o B\u00e1sica, nos termos da Base Nacional Comum Curricular.","dataAtualizacao":"2026-02-03 13:28:36","dataInicioVigencia":null,"dataFimVigencia":null,"data":"2025-08-25","numero":10,"categoria":"Resolu\u00e7\u00e3o","situacao":"Em vigor","descricao":""},{"ementa":"Disp\u00f5e sobre a inser\u00e7\u00e3o da Computa\u00e7\u00e3o na Educa\u00e7\u00e3o B\u00e1sica, nos termos da Base Nacional Comum Curricular.","dataAtualizacao":"2026-02-03 13:28:07","dataInicioVigencia":null,"dataFimVigencia":null,"data":"2025-08-08","numero":9,"categoria":"Resolu\u00e7\u00e3o","situacao":"Em vigor","descricao":""},{"ementa":"Disp\u00f5e sobre a inser\u00e7\u00e3o da Computa\u00e7\u00e3o na Educa\u00e7\u00e3o B\u00e1sica, nos termos da Base Nacional Comum Curricular.","dataAtualizacao":"2026-02-03 13:27:36","dataInicioVigencia":null,"dataFimVigencia":null,"data":"2025-07-07","numero":8,"categoria":"Resolu\u00e7\u00e3o","situacao":"Em vigor","descricao":""},{"ementa":"Disp\u00f5e sobre a inser\u00e7\u00e3o da Computa\u00e7\u00e3o na Educa\u00e7\u00e3o B\u00e1sica, nos termos da Base Nacional Comum Curricular.","dataAtualizacao":"2026-02-03 13:27:03","dataInicioVigencia":null,"dataFimVigencia":null,"data":"2025-06-27","numero":7,"categoria":"Resolu\u00e7\u00e3o","situacao":"Em vigor","descricao":""},{"ementa":"\u2013 DISP\u00d5E SOBRE AS REGRAS DE ATRIBUI\u00c7\u00c3O DE PROFESSORES DE HIST\u00d3RIA E MATEM\u00c1TICA, AOS DOCENTES CANDIDATOS (PEB III), \u00c0 CONTRATA\u00c7\u00c3O POR TEMPO DETERMINADO, DE QUE TRATA A LEI COMPLEMENTAR N\u00ba 07, DE 01 DE DEZEMBRO DE 2005.","dataAtualizacao":"2026-02-03 13:26:18","dataInicioVigencia":null,"dataFimVigencia":null,"data":"2025-04-14","numero":6,"categoria":"Resolu\u00e7\u00e3o","situacao":"Em vigor","descricao":""},{"ementa":"\u2013 DISP\u00d5E SOBRE AS REGRAS DE ATRIBUI\u00c7\u00c3O DE PROFESSORES DE APOIO 2025, AOS DOCENTES CANDIDATOS (PEB I), \u00c0 CONTRATA\u00c7\u00c3O POR TEMPO DETERMINADO, DE QUE TRATA A LEI COMPLEMENTAR N\u00ba 07, DE 01 DE DEZEMBRO DE 2005.","dataAtualizacao":"2026-02-03 13:24:46","dataInicioVigencia":null,"dataFimVigencia":null,"data":"2025-03-24","numero":5,"categoria":"Resolu\u00e7\u00e3o","situacao":"Em vigor","descricao":""},{"ementa":"\u201cDisp\u00f5e sobre o processo de atribui\u00e7\u00e3o de classes e\/ou aulas para o ano letivo de 2025 aos professores ocupantes de emprego permanente do Munic\u00edpio, e d\u00e1 outras provid\u00eancias\u201d.","dataAtualizacao":"2026-02-03 13:20:58","dataInicioVigencia":null,"dataFimVigencia":null,"data":"2025-01-17","numero":2,"categoria":"Resolu\u00e7\u00e3o","situacao":"Em vigor","descricao":""},{"ementa":"Disp\u00f5e sobre o processo de inscri\u00e7\u00e3o e  classifica\u00e7\u00e3o no Concurso de Remo\u00e7\u00e3o 2025 aos Professores de Educa\u00e7\u00e3o B\u00e1sica - I, II e III do Quadro do Magist\u00e9rio Municipal de Joan\u00f3polis.","dataAtualizacao":"2026-02-03 13:35:10","dataInicioVigencia":null,"dataFimVigencia":null,"data":"2025-01-10","numero":1,"categoria":"Resolu\u00e7\u00e3o","situacao":"Em vigor","descricao":""}]}